{"id":482,"date":"2026-03-03T15:32:43","date_gmt":"2026-03-03T15:32:43","guid":{"rendered":"https:\/\/www.aktion-hip.ch\/blog\/?p=482"},"modified":"2026-03-03T15:36:41","modified_gmt":"2026-03-03T15:36:41","slug":"unterschiedliche-perspektiven-zum-eu-vertragspaket","status":"publish","type":"post","link":"https:\/\/www.aktion-hip.ch\/blog\/?p=482","title":{"rendered":"Unterschiedliche Perspektiven zum EU-Vertragspaket"},"content":{"rendered":"\n<p><em>Das Streitgespr\u00e4ch zwischen Andr\u00e9 Holenstein und Oliver Zimmer (<a href=\"https:\/\/www.nzz.ch\/schweiz\/nicht-kneifen-jetzt-wir-haetten-auf-die-hinterbeine-stehen-muessen-das-grosse-streitgespraech-zur-schweiz-und-der-eu-ld.1925862\" data-type=\"link\" data-id=\"https:\/\/www.nzz.ch\/schweiz\/nicht-kneifen-jetzt-wir-haetten-auf-die-hinterbeine-stehen-muessen-das-grosse-streitgespraech-zur-schweiz-und-der-eu-ld.1925862\">NZZ vom 21.2.2026<\/a>) macht es deutlich: Es sind zwei unterschiedliche und unvereinbare Perspektiven \u00fcber das Schweizer Erfolgsmodell, welche die Debatte um die neuen EU-Vertr\u00e4ge pr\u00e4gen.<\/em><\/p>\n\n\n\n<!--more-->\n\n\n\n<p>Die eine Perspektive ist nach aussen gerichtet. In dieser Perspektive ist der Wohlstand der Schweiz ein Resultat davon, dass sich die Schweiz im Verlauf der Zeit immer erfolgreich in die wirtschaftlichen und politischen Verh\u00e4ltnisse in Europa integriert hat. Die andere Perspektive ist nach innen gerichtet. Sie erkl\u00e4rt das Schweizer Erfolgsmodell mit den direktdemokratischen Institutionen, welche in der Schweiz umgesetzt sind. In dieser Perspektive ist die Schweiz erfolgreich, weil das politische Aushandlungssystem in der Schweiz zu einem gr\u00f6sseren gesellschaftlichen Zusammenhang f\u00fchrt. Das wiederum f\u00fchrt dazu, dass die Politik n\u00e4her bei der Bev\u00f6lkerung ist. Deshalb werden in der Schweiz die Bed\u00fcrfnisse der Bev\u00f6lkerung besser umgesetzt.<\/p>\n\n\n\n<p>Beide Perspektiven sind nachvollziehbar und haben ihre Berechtigung. Das Problem ist, dass die Vertreter der innen gerichteten Perspektive mehr verlieren, wenn das EU-Vertragspaket angenommen wird, zumindest potenziell. Falls die dynamische Rechts\u00fcbernahme die legislativen Prozesse in der Schweiz h\u00e4ufig und in als wichtig empfundenen Bereichen \u00fcbersteuert, dann wird das negative Auswirkungen darauf haben, wie die demokratischen Prozesse in der Schweiz wahrgenommen werden.<\/p>\n\n\n\n<p>Die Vertreter der aussen gerichteten Perspektive m\u00fcssten diese Bef\u00fcrchtungen wahrnehmen und den Vertretern der Innenperspektive eine Exit-Strategie anbieten. Falls die dynamische Rechts\u00fcbernahme oder das eingerichtet Schiedsgericht die demokratischen Prozesse in der Schweiz in einem bestimmten Zeitraum zu h\u00e4ufig \u00fcbersteuert, wird das EU-Vertragspaket automatisch gek\u00fcndigt. Eine <a href=\"https:\/\/www.aktion-hip.ch\/blog\/?p=464\">solche Exit-Strategie<\/a> w\u00fcrde es den Schweizern, welche sich Sorgen um den demokratischen Zusammenhalt machen, erleichtern, dem EU-Vertragspaket zuzustimmen.<\/p>\n\n\n\n<p><\/p>\n","protected":false},"excerpt":{"rendered":"<p>Das Streitgespr\u00e4ch zwischen Andr\u00e9 Holenstein und Oliver Zimmer (NZZ vom 21.2.2026) macht es deutlich: Es sind zwei unterschiedliche und unvereinbare Perspektiven \u00fcber das Schweizer Erfolgsmodell, welche die Debatte um die neuen EU-Vertr\u00e4ge pr\u00e4gen.<\/p>\n","protected":false},"author":1,"featured_media":0,"comment_status":"open","ping_status":"open","sticky":false,"template":"","format":"standard","meta":{"footnotes":""},"categories":[34],"tags":[27,35],"class_list":["post-482","post","type-post","status-publish","format-standard","hentry","category-demokratie","tag-eu","tag-vertragspaket"],"_links":{"self":[{"href":"https:\/\/www.aktion-hip.ch\/blog\/index.php?rest_route=\/wp\/v2\/posts\/482","targetHints":{"allow":["GET"]}}],"collection":[{"href":"https:\/\/www.aktion-hip.ch\/blog\/index.php?rest_route=\/wp\/v2\/posts"}],"about":[{"href":"https:\/\/www.aktion-hip.ch\/blog\/index.php?rest_route=\/wp\/v2\/types\/post"}],"author":[{"embeddable":true,"href":"https:\/\/www.aktion-hip.ch\/blog\/index.php?rest_route=\/wp\/v2\/users\/1"}],"replies":[{"embeddable":true,"href":"https:\/\/www.aktion-hip.ch\/blog\/index.php?rest_route=%2Fwp%2Fv2%2Fcomments&post=482"}],"version-history":[{"count":3,"href":"https:\/\/www.aktion-hip.ch\/blog\/index.php?rest_route=\/wp\/v2\/posts\/482\/revisions"}],"predecessor-version":[{"id":485,"href":"https:\/\/www.aktion-hip.ch\/blog\/index.php?rest_route=\/wp\/v2\/posts\/482\/revisions\/485"}],"wp:attachment":[{"href":"https:\/\/www.aktion-hip.ch\/blog\/index.php?rest_route=%2Fwp%2Fv2%2Fmedia&parent=482"}],"wp:term":[{"taxonomy":"category","embeddable":true,"href":"https:\/\/www.aktion-hip.ch\/blog\/index.php?rest_route=%2Fwp%2Fv2%2Fcategories&post=482"},{"taxonomy":"post_tag","embeddable":true,"href":"https:\/\/www.aktion-hip.ch\/blog\/index.php?rest_route=%2Fwp%2Fv2%2Ftags&post=482"}],"curies":[{"name":"wp","href":"https:\/\/api.w.org\/{rel}","templated":true}]}}