{"id":523,"date":"2026-08-30T19:49:26","date_gmt":"2026-08-30T19:49:26","guid":{"rendered":"https:\/\/www.aktion-hip.ch\/blog\/?p=523"},"modified":"2026-08-30T19:49:26","modified_gmt":"2026-08-30T19:49:26","slug":"der-gewerkschaftsbund-die-13-ahv-rente-und-die-mehrwertsteuer","status":"publish","type":"post","link":"https:\/\/www.aktion-hip.ch\/blog\/?p=523","title":{"rendered":"Der Gewerkschaftsbund, die 13. AHV-Rente und die Mehrwertsteuer"},"content":{"rendered":"\n<p class=\"wp-block-paragraph\"><em>Wie die Axiome linker Politik pl\u00f6tzlich bedeutungslos werden, weil sich der Gewerkschaftsbund in eine Sackgasse geritten hat.<\/em><\/p>\n\n\n\n<!--more-->\n\n\n\n<p class=\"wp-block-paragraph\">Die Meldung hat in den politisch interessierten Kreisen ein gewisses Echo ausgel\u00f6st. Der Schweizerische Gewerkschaftsbund hat an seiner Delegiertenversammlung vom 20.8.2026 die <a href=\"https:\/\/www.sgb.ch\/gremien\/detail\/zeit-fuer-die-13-rente-aus-der-2-saeule\" data-type=\"link\" data-id=\"https:\/\/www.sgb.ch\/gremien\/detail\/zeit-fuer-die-13-rente-aus-der-2-saeule\">Ja-Parole zur Mehrwertsteuerfinanzierung der 13. AHV-Rente<\/a> beschlossen.<\/p>\n\n\n\n<p class=\"wp-block-paragraph\">Warum ist das bemerkenswert?<\/p>\n\n\n\n<p class=\"wp-block-paragraph\">In der linken Argumentation gilt die Mehrwertsteuer als die unsozialste aller Steuern in der Schweiz. Das ist ein Eckpunkt linker Wahrnehmung und linker Politik. Jonas Projer hat in seinem <a href=\"https:\/\/de.linkedin.com\/posts\/jonasprojer_weil-sgb-lampart-den-konsum-verteuern-will-activity-7496886733784059904-ghti\" data-type=\"link\" data-id=\"https:\/\/de.linkedin.com\/posts\/jonasprojer_weil-sgb-lampart-den-konsum-verteuern-will-activity-7496886733784059904-ghti\">LinkedIn-Post<\/a> dankenswerterweise diverse Quellen zusammengetragen (Medienmitteilung SGB, SP-Parteizeitung etc.), welche dies sehr deutlich aufzeigen.<\/p>\n\n\n\n<p class=\"wp-block-paragraph\">Was an der Mehrwertsteuer unsozial sein soll, nur weil diejenigen mehr betroffen sind, die mehr konsumieren, entzieht sich meinem Verst\u00e4ndnis. Dass die klassische Steuer \u00fcber Lohnprozente mehr Umverteilungswirkung hat, ist wohl wahr. Insbesondere verteilt sie von jung zu alt. Dass dies im Zusammenhang mit der Finanzierung der 13. Rente speziell unsozial, wenn nicht schon frivol ist, sollte jedem n\u00fcchtern denkenden Menschen einleuchten. In Fall der 13. AHV-Rente w\u00e4ren eine Finanzierung \u00fcber Lohnprozente deutlich unsozialer als \u00fcber die Mehrwertsteuer.<\/p>\n\n\n\n<p class=\"wp-block-paragraph\">Dass die Vertreter des Schweizerischen Gewerkschaftsbunds in diesem Sinn n\u00fcchtern denken, d\u00fcrfen wir leider nicht annehmen. Viel wahrscheinlicher f\u00fcr die \u00fcberraschende Pirouette des Gewerkschaftsbunds ist, dass diesem langsam d\u00e4mmert, in welche Situation er sich geritten hat. Im Nachhinein k\u00f6nnte diesem seine Initiative f\u00fcr die 13. AHV-Rente b\u00f6se auf die F\u00fcsse fallen. Von nun an werden alle Finanzierungsschwierigkeiten der AHV auf den Volksentscheid vom 3 M\u00e4rz 2024 und dem \u00abhistorischen\u00bb Erfolg des Gewerkschaftsbunds in Verbindung gebracht.<\/p>\n\n\n\n<p class=\"wp-block-paragraph\">Ich bin schon gespannt, mit welchen \u00abNarrativen\u00bb der Gewerkschaftsbund versuchen wird, die Geschichte umzudeuten, um sich aus der Schusslinie zu nehmen.<\/p>\n","protected":false},"excerpt":{"rendered":"<p>Wie die Axiome linker Politik pl\u00f6tzlich bedeutungslos werden, weil sich der Gewerkschaftsbund in eine Sackgasse geritten hat.<\/p>\n","protected":false},"author":1,"featured_media":0,"comment_status":"open","ping_status":"open","sticky":false,"template":"","format":"standard","meta":{"footnotes":""},"categories":[34,13,11,14],"tags":[44,59],"class_list":["post-523","post","type-post","status-publish","format-standard","hentry","category-demokratie","category-mythen","category-politik","category-renten","tag-ahv","tag-gewerkschaften"],"_links":{"self":[{"href":"https:\/\/www.aktion-hip.ch\/blog\/index.php?rest_route=\/wp\/v2\/posts\/523","targetHints":{"allow":["GET"]}}],"collection":[{"href":"https:\/\/www.aktion-hip.ch\/blog\/index.php?rest_route=\/wp\/v2\/posts"}],"about":[{"href":"https:\/\/www.aktion-hip.ch\/blog\/index.php?rest_route=\/wp\/v2\/types\/post"}],"author":[{"embeddable":true,"href":"https:\/\/www.aktion-hip.ch\/blog\/index.php?rest_route=\/wp\/v2\/users\/1"}],"replies":[{"embeddable":true,"href":"https:\/\/www.aktion-hip.ch\/blog\/index.php?rest_route=%2Fwp%2Fv2%2Fcomments&post=523"}],"version-history":[{"count":1,"href":"https:\/\/www.aktion-hip.ch\/blog\/index.php?rest_route=\/wp\/v2\/posts\/523\/revisions"}],"predecessor-version":[{"id":524,"href":"https:\/\/www.aktion-hip.ch\/blog\/index.php?rest_route=\/wp\/v2\/posts\/523\/revisions\/524"}],"wp:attachment":[{"href":"https:\/\/www.aktion-hip.ch\/blog\/index.php?rest_route=%2Fwp%2Fv2%2Fmedia&parent=523"}],"wp:term":[{"taxonomy":"category","embeddable":true,"href":"https:\/\/www.aktion-hip.ch\/blog\/index.php?rest_route=%2Fwp%2Fv2%2Fcategories&post=523"},{"taxonomy":"post_tag","embeddable":true,"href":"https:\/\/www.aktion-hip.ch\/blog\/index.php?rest_route=%2Fwp%2Fv2%2Ftags&post=523"}],"curies":[{"name":"wp","href":"https:\/\/api.w.org\/{rel}","templated":true}]}}